{"id":628,"date":"2013-05-05T19:00:23","date_gmt":"2013-05-05T17:00:23","guid":{"rendered":"http:\/\/blog.busweltreise.de\/?p=628"},"modified":"2018-05-22T09:29:28","modified_gmt":"2018-05-22T07:29:28","slug":"unterwegs-nach-samarkand","status":"publish","type":"post","link":"https:\/\/blog.busweltreise.de\/?p=628","title":{"rendered":"Unterwegs nach Samarkand"},"content":{"rendered":"<p>Gleich zu Anfang die sch\u00f6ne Nachricht: Der rote Bus ist \u00fcber der Grenze und bei der Gruppe in Samarkand. Vielen Dank f\u00fcr alle Euren guten W\u00fcnsche und Daumendr\u00fccker!<\/p>\n<p>Hier ein Bild vom Ersatzbus, ein Setra 215 HDH aus den fr\u00fchen Neunzigern, ein sehr sch\u00f6nes nostalgisches Fahrzeug!<\/p>\n<p><a href=\"https:\/\/blog.busweltreise.de\/wp-content\/uploads\/2013\/05\/217090_526958717362919_138705310_n.jpg\"><img loading=\"lazy\" class=\"alignnone size-medium wp-image-629\" alt=\"217090_526958717362919_138705310_n\" src=\"https:\/\/blog.busweltreise.de\/wp-content\/uploads\/2013\/05\/217090_526958717362919_138705310_n-300x225.jpg\" width=\"300\" height=\"225\" srcset=\"https:\/\/blog.busweltreise.de\/wp-content\/uploads\/2013\/05\/217090_526958717362919_138705310_n-300x225.jpg 300w, https:\/\/blog.busweltreise.de\/wp-content\/uploads\/2013\/05\/217090_526958717362919_138705310_n.jpg 960w\" sizes=\"(max-width: 300px) 100vw, 300px\" \/><\/a><\/p>\n<p>Foto: Christian Seel<\/p>\n","protected":false},"excerpt":{"rendered":"<p>Gleich zu Anfang die sch\u00f6ne Nachricht: Der rote Bus ist \u00fcber der Grenze und bei der Gruppe in Samarkand. Vielen Dank f\u00fcr alle Euren guten W\u00fcnsche und Daumendr\u00fccker! Hier ein Bild vom Ersatzbus, ein Setra 215 HDH aus den fr\u00fchen Neunzigern, ein sehr sch\u00f6nes nostalgisches Fahrzeug! Foto: Christian Seel<\/p>\n","protected":false},"author":2,"featured_media":0,"comment_status":"closed","ping_status":"open","sticky":false,"template":"","format":"standard","meta":{"ngg_post_thumbnail":0},"categories":[2],"tags":[273,272,70,275],"_links":{"self":[{"href":"https:\/\/blog.busweltreise.de\/index.php?rest_route=\/wp\/v2\/posts\/628"}],"collection":[{"href":"https:\/\/blog.busweltreise.de\/index.php?rest_route=\/wp\/v2\/posts"}],"about":[{"href":"https:\/\/blog.busweltreise.de\/index.php?rest_route=\/wp\/v2\/types\/post"}],"author":[{"embeddable":true,"href":"https:\/\/blog.busweltreise.de\/index.php?rest_route=\/wp\/v2\/users\/2"}],"replies":[{"embeddable":true,"href":"https:\/\/blog.busweltreise.de\/index.php?rest_route=%2Fwp%2Fv2%2Fcomments&post=628"}],"version-history":[{"count":4,"href":"https:\/\/blog.busweltreise.de\/index.php?rest_route=\/wp\/v2\/posts\/628\/revisions"}],"predecessor-version":[{"id":2363,"href":"https:\/\/blog.busweltreise.de\/index.php?rest_route=\/wp\/v2\/posts\/628\/revisions\/2363"}],"wp:attachment":[{"href":"https:\/\/blog.busweltreise.de\/index.php?rest_route=%2Fwp%2Fv2%2Fmedia&parent=628"}],"wp:term":[{"taxonomy":"category","embeddable":true,"href":"https:\/\/blog.busweltreise.de\/index.php?rest_route=%2Fwp%2Fv2%2Fcategories&post=628"},{"taxonomy":"post_tag","embeddable":true,"href":"https:\/\/blog.busweltreise.de\/index.php?rest_route=%2Fwp%2Fv2%2Ftags&post=628"}],"curies":[{"name":"wp","href":"https:\/\/api.w.org\/{rel}","templated":true}]}}