{"id":2112,"date":"2014-01-22T14:27:49","date_gmt":"2014-01-22T12:27:49","guid":{"rendered":"http:\/\/blog.busweltreise.de\/?p=2112"},"modified":"2018-05-22T09:23:02","modified_gmt":"2018-05-22T07:23:02","slug":"liebe-blogleser-und-leserinnen","status":"publish","type":"post","link":"https:\/\/blog.busweltreise.de\/?p=2112","title":{"rendered":"Liebe Blogleser- und leserinnen,"},"content":{"rendered":"<p>Beitrag von Hans-Peter Christoph<\/p>\n<p>seit diese Weltumrundung erfolgreich abgeschlossen ist und ich jetzt auch noch im Fernsehen war, h\u00e4ufen sich bei Avanti die Anfragen, wann es denn wieder los geht! Einige fragen nach dem n\u00e4chsten Termin f\u00fcr die Seidenstra\u00dfe, andere wollen wissen, wann wir wieder die Panamericana befahren und wieder andere, was sonst noch geplant sei.<\/p>\n<p>Ich kann Ihnen sagen, bei mir im Kopf sind schon viele Ideen gesponnen, manche auch schon zu Ende gedacht, aber vor dem Abschluss der Weltumrundung konnte und wollte ich nicht schon neue Projekte ank\u00fcndigen. Erst wollte ich von diesem Gro\u00dfprojekt nach Hause kommen und in Ruhe Gedanken fassen, auch wenn es dadurch etwas l\u00e4nger dauert. Denn dies alles muss ganz einfach gut geplant und vorbereitet sein, das braucht Zeit, \u2013 und auch an erprobten Reisen gibt es immer etwas zu verbessern! Nun geht es an genau diese Ausarbeitung. Ich denke, bis in einem halben Jahr stehen die wesentlichen Dinge fest, so dass wir 2016 wieder eine oder zwei ganz besondere Touren unternehmen. Bitte, lassen Sie sich vormerken und buchen Sie fr\u00fch, auch wenn es noch etwas weit weg erscheint, die Zeit vergeht viel schneller, als man meint!<\/p>\n<p>Bis es so weit ist, machen wir aber auch in Europa viele, viele spannende Reisen! Sogar einen Teil der Seidenstra\u00dfe befahren wir auf unseren diesj\u00e4hrigen Reisen in die T\u00fcrkei und in den Iran. Sagen Sie nicht, dass Sie Europa kennen! Sicher kennen Sie Europa, aber auch hier gibt es immer Neues zu entdecken &#8211; oder wieder zu sehen. Au\u00dferdem waren Sie vielleicht noch nicht mit uns unterwegs. Es ist n\u00e4mlich nicht viel anders, wenn wir nach Griechenland oder Portugal fahren, als wenn wir zusammen auf Weltreise sind. Aber es ganz anders als gedacht! Und zwar im positiven Sinne!<\/p>\n<p>Kommen Sie deshalb mit! In den n\u00e4chsten Monaten sind wir hier unterwegs, in Europa, und Sie k\u00f6nnen testen, ob die Art, wie wir das machen, Ihnen \u00fcberhaupt entspricht. Machen Sie eine Schnuppertour mit!<\/p>\n<p>Ich pers\u00f6nlich fahre im M\u00e4rz 2014 nach <a title=\"Portugal\" href=\"http:\/\/www.avantireisen.de\/index.php\/busreisen?view=reisedetail&amp;datum=22.01.2014&amp;plusminus=plus&amp;tage=0&amp;datum_beliebig=true&amp;land=&amp;reisetypen_count=10&amp;stichwortsuche=portugal&amp;stichwortsuche_ort=&amp;stichwortsuche_volltext=&amp;reisekategorien=&amp;marketingkategorien=&amp;rtid=OvkljyrT71r69H28789&amp;aktion=Angebote%20anzeigen\" target=\"_blank\">Portugal<\/a>, im April nach <a title=\"Griechenland\" href=\"http:\/\/www.avantireisen.de\/index.php\/busreisen?view=reisedetail&amp;datum=22.01.2014&amp;plusminus=plus&amp;tage=0&amp;datum_beliebig=true&amp;land=&amp;reisetypen_count=10&amp;stichwortsuche=griechenland&amp;stichwortsuche_ort=&amp;stichwortsuche_volltext=&amp;reisekategorien=&amp;marketingkategorien=&amp;rtid=aFxGB1JAOUr69H28786&amp;aktion=Angebote%20anzeigen\" target=\"_blank\">Griechenland<\/a>, im Mai nach <a title=\"Isfahan\" href=\"http:\/\/www.avantireisen.de\/index.php?option=com_avanti&amp;Itemid=109&amp;view=reisefinden&amp;datum=22.01.2014&amp;plusminus=plus&amp;tage=0&amp;datum_beliebig=true&amp;datum_beliebig_check=true&amp;land=&amp;reisetypen_count=10&amp;stichwortsuche=Isfahan&amp;aktion=Angebote+anzeigen#inhaltoben\" target=\"_blank\">Isfahan<\/a>, im Juni ins <a title=\"Burgund\" href=\"http:\/\/www.avantireisen.de\/index.php\/busreisen?view=reisedetail&amp;datum=22.01.2014&amp;plusminus=plus&amp;tage=0&amp;datum_beliebig=true&amp;land=&amp;reisetypen_count=10&amp;stichwortsuche=Burgund&amp;stichwortsuche_ort=&amp;stichwortsuche_volltext=&amp;reisekategorien=&amp;marketingkategorien=&amp;rtid=KLIjjuYwkdr69H28809&amp;aktion=Angebote%20anzeigen\" target=\"_blank\">Burgund <\/a>und wieder nach <a title=\"Portugal \" href=\"http:\/\/www.avantireisen.de\/index.php\/busreisen?view=reisedetail&amp;datum=22.01.2014&amp;plusminus=plus&amp;tage=0&amp;datum_beliebig=true&amp;land=&amp;reisetypen_count=10&amp;stichwortsuche=Portugal&amp;stichwortsuche_ort=&amp;stichwortsuche_volltext=&amp;reisekategorien=&amp;marketingkategorien=&amp;rtid=LmzppllWegr69H28791&amp;aktion=Angebote%20anzeigen\" target=\"_blank\">Portugal<\/a>, im Juli nach <a title=\"Wales\" href=\"http:\/\/www.avantireisen.de\/index.php\/busreisen?view=reisedetail&amp;datum=22.01.2014&amp;plusminus=plus&amp;tage=0&amp;datum_beliebig=true&amp;land=&amp;reisetypen_count=10&amp;stichwortsuche=wales&amp;stichwortsuche_ort=&amp;stichwortsuche_volltext=&amp;reisekategorien=&amp;marketingkategorien=&amp;rtid=W5XoLWrOIYr69H28917&amp;aktion=Angebote%20anzeigen\" target=\"_blank\">Wales<\/a>, Ende August in die <a title=\"T\u00fcrkei\" href=\"http:\/\/www.avantireisen.de\/index.php\/busreisen?view=reisedetail&amp;datum=22.01.2014&amp;plusminus=plus&amp;tage=0&amp;datum_beliebig=true&amp;land=&amp;reisetypen_count=10&amp;stichwortsuche=T%C3%BCrkei&amp;stichwortsuche_ort=&amp;stichwortsuche_volltext=&amp;reisekategorien=&amp;marketingkategorien=&amp;rtid=zVO0vtw7F2r69H2845&amp;aktion=Angebote%20anzeigen\" target=\"_blank\">T\u00fcrkei<\/a>, im September nach <a title=\"Andalusien\" href=\"http:\/\/www.avantireisen.de\/index.php\/busreisen?view=reisedetail&amp;datum=22.01.2014&amp;plusminus=plus&amp;tage=0&amp;datum_beliebig=true&amp;land=&amp;reisetypen_count=10&amp;stichwortsuche=andalusien&amp;stichwortsuche_ort=&amp;stichwortsuche_volltext=&amp;reisekategorien=&amp;marketingkategorien=&amp;rtid=sLrQdybqper69H281100&amp;aktion=Angebote%20anzeigen\" target=\"_blank\">Andalusien<\/a>, im Oktober nach <a title=\"Istanbul\" href=\"http:\/\/www.avantireisen.de\/index.php\/busreisen?view=reisedetail&amp;datum=22.01.2014&amp;plusminus=plus&amp;tage=0&amp;datum_beliebig=true&amp;land=&amp;reisetypen_count=10&amp;stichwortsuche=Istanbul&amp;stichwortsuche_ort=&amp;stichwortsuche_volltext=&amp;reisekategorien=&amp;marketingkategorien=&amp;rtid=U3e46IIe1Sr69H28838&amp;aktion=Angebote%20anzeigen\" target=\"_blank\">Istanbul<\/a>, im November noch einmal nach <a title=\"Portugal\" href=\"http:\/\/www.avantireisen.de\/index.php\/busreisen?view=reisedetail&amp;datum=22.01.2014&amp;plusminus=plus&amp;tage=0&amp;datum_beliebig=true&amp;land=&amp;reisetypen_count=10&amp;stichwortsuche=Portugal&amp;stichwortsuche_ort=&amp;stichwortsuche_volltext=&amp;reisekategorien=&amp;marketingkategorien=&amp;rtid=nWGTooA0c4r69H28790&amp;aktion=Angebote%20anzeigen\" target=\"_blank\">Portugal <\/a>und zum Jahreswechsel zum 20. Mal nach <a title=\"Andalusien\" href=\"http:\/\/www.avantireisen.de\/index.php\/busreisen?view=reisedetail&amp;datum=22.01.2014&amp;plusminus=plus&amp;tage=0&amp;datum_beliebig=true&amp;land=&amp;reisetypen_count=10&amp;stichwortsuche=andalusien&amp;stichwortsuche_ort=&amp;stichwortsuche_volltext=&amp;reisekategorien=&amp;marketingkategorien=&amp;rtid=WIK78UvjJer69H28842&amp;aktion=Angebote%20anzeigen\" target=\"_blank\">Andalusien<\/a>. Und unterwegs kann ich Ihnen ein bisschen berichten von bisherigen und zuk\u00fcnftigen Traumreisen. Okay?<\/p>\n<p>Schreiben Sie einfach eine Email an info@avantireisen.de oder rufen Sie uns an: aus Deutschland w\u00e4hlen Sie 0761-3865880, ansonsten 00497613865880. Wir nehmen Sie in unsere Interessentenliste f\u00fcr die ganz gro\u00dfen Touren auf. Wenn die Details feststehen, lassen wir Ihnen diese Informationen zukommen.<\/p>\n<p>\u00dcber die gleiche Adresse k\u00f6nnen Sie zun\u00e4chst aber auch schon eine Schnupperreise buchen. Ich freue mich darauf! Bis bald hoffentlich!<\/p>\n<p>Viele Gr\u00fc\u00dfe<\/p>\n<p>Hans-Peter Christoph<\/p>\n","protected":false},"excerpt":{"rendered":"<p>Beitrag von Hans-Peter Christoph seit diese Weltumrundung erfolgreich abgeschlossen ist und ich jetzt auch noch im Fernsehen war, h\u00e4ufen sich bei Avanti die Anfragen, wann es denn wieder los geht! Einige fragen nach dem n\u00e4chsten Termin f\u00fcr die Seidenstra\u00dfe, andere wollen wissen, wann wir wieder die Panamericana befahren und wieder andere, was sonst noch geplant [&hellip;]<\/p>\n","protected":false},"author":3,"featured_media":0,"comment_status":"closed","ping_status":"open","sticky":false,"template":"","format":"standard","meta":{"ngg_post_thumbnail":0},"categories":[1],"tags":[267],"_links":{"self":[{"href":"https:\/\/blog.busweltreise.de\/index.php?rest_route=\/wp\/v2\/posts\/2112"}],"collection":[{"href":"https:\/\/blog.busweltreise.de\/index.php?rest_route=\/wp\/v2\/posts"}],"about":[{"href":"https:\/\/blog.busweltreise.de\/index.php?rest_route=\/wp\/v2\/types\/post"}],"author":[{"embeddable":true,"href":"https:\/\/blog.busweltreise.de\/index.php?rest_route=\/wp\/v2\/users\/3"}],"replies":[{"embeddable":true,"href":"https:\/\/blog.busweltreise.de\/index.php?rest_route=%2Fwp%2Fv2%2Fcomments&post=2112"}],"version-history":[{"count":7,"href":"https:\/\/blog.busweltreise.de\/index.php?rest_route=\/wp\/v2\/posts\/2112\/revisions"}],"predecessor-version":[{"id":2138,"href":"https:\/\/blog.busweltreise.de\/index.php?rest_route=\/wp\/v2\/posts\/2112\/revisions\/2138"}],"wp:attachment":[{"href":"https:\/\/blog.busweltreise.de\/index.php?rest_route=%2Fwp%2Fv2%2Fmedia&parent=2112"}],"wp:term":[{"taxonomy":"category","embeddable":true,"href":"https:\/\/blog.busweltreise.de\/index.php?rest_route=%2Fwp%2Fv2%2Fcategories&post=2112"},{"taxonomy":"post_tag","embeddable":true,"href":"https:\/\/blog.busweltreise.de\/index.php?rest_route=%2Fwp%2Fv2%2Ftags&post=2112"}],"curies":[{"name":"wp","href":"https:\/\/api.w.org\/{rel}","templated":true}]}}