{"id":2029,"date":"2013-12-18T17:20:15","date_gmt":"2013-12-18T15:20:15","guid":{"rendered":"http:\/\/blog.busweltreise.de\/?p=2029"},"modified":"2018-05-22T09:23:02","modified_gmt":"2018-05-22T07:23:02","slug":"das-ende-naht-auch-furs-nahkastchen","status":"publish","type":"post","link":"https:\/\/blog.busweltreise.de\/?p=2029","title":{"rendered":"Das Ende naht auch f\u00fcrs N\u00e4hk\u00e4stchen"},"content":{"rendered":"<p>von Heidi Bisang<\/p>\n<p>Liebe Leserinnen und Leser<\/p>\n<p><b>Das Ende naht auch f\u00fcrs N\u00e4hk\u00e4stchen<\/b><\/p>\n<p><span style=\"font-size: 13px; line-height: 19px;\">Zeit also ein bisschen zur\u00fcck zu blicken und die Highlights Revue passieren lassen.<\/span><\/p>\n<p>Da w\u00e4ren die <b>Hotels<\/b>.<\/p>\n<p>Die allermeisten waren gut, komfortabel, sauber und mit allem N\u00f6tigen ausger\u00fcstet. In Erinnerung bleiben wird uns aber die Hazienda in Ecuador, ich habe dar\u00fcber berichtet. Auch an etliche entz\u00fcckende Hotels, haupts\u00e4chlich in Mittelamerika werden wir uns gerne erinnern (ehemaliges Kloster, oder umfunktionierte Stadtpal\u00e4ste). Das eine oder andere Zahn- oder Handb\u00fcrstchen, Bl\u00fcschen oder T-Shirt ist im einen oder anderen Zimmer zur\u00fcck geblieben. Der normale Schwund auf einer solch langen Reise.<\/p>\n<p><b style=\"font-size: 13px; line-height: 19px;\">Unsere Fans<\/b><\/p>\n<p><span style=\"font-size: 13px; line-height: 19px;\">Seit Loja begleiten uns immer wieder Busfans. Kaum sind wir angekommen, scharen sich die ersten, mit Fotoapparat bewaffnet um den Bus. In Loja hat ein Fan eine riesige Diskussion auf Facebook ausgel\u00f6st, was wohl das FR auf dem Nummernschild bedeuten k\u00f6nnte. Einer meinte das m\u00fcssen Gringos (Amerikaner) sein, der andere nein, das FR stehe f\u00fcr Frankreich\/France. Bis dann einer wirklich recherchiert hat und herausgefunden hat das FR f\u00fcr Freiburg steht und dass das eine Stadt in Alemania sei. In Chile (in Valdivia) brachte ein Fan ein selbstgemaltes Bild (akribisch genau, ab Fotos im Internet) als Geschenk vorbei, es ziert jetzt unsere Frontscheibe.<\/span><\/p>\n<p><b>Nasca Linien und Cusco<\/b><\/p>\n<p><span style=\"font-size: 13px; line-height: 19px;\">Den Flug \u00fcber die Nasca-Linien und die dabei (von mir) ausgestandene Angst ist eines der unvergesslichen Ereignisse unserer eh schon ereignisreichen Reise. Den Cusco-reisenden werden auch diese Tage unvergessen bleiben.<\/span><\/p>\n<p><b style=\"font-size: 13px; line-height: 19px;\">Die St\u00e4dte<\/b><\/p>\n<p><span style=\"font-size: 13px; line-height: 19px;\">Mexico City, Santiago de Chile und Valpara\u00edso wurden zu meinen Lieblingsst\u00e4dten dieser Reise. Lima wird mir als riesengro\u00dfer Moloch in guter Erinnerung bleiben. Die Armut Perus ist auch in der Hauptstadt gut sichtbar.<\/span><\/p>\n<p><b style=\"font-size: 13px; line-height: 19px;\">Arch\u00e4ologie und Sterne<\/b><\/p>\n<p><span style=\"font-size: 13px; line-height: 19px;\">Die vielen Ausgrabungsst\u00e4tten, die wir vor allem in Mittelamerika (Mexico steht da ganz vorne) besucht haben bleiben ebenso unvergessen, wie der grandiose Sternenhimmel in Vicuna. Im dortigen Observatorium haben wir gesehen, dass die Venus auf \u201eHalbmond\u201c war. Ich wusste nicht mal, dass die Venus \u2013 wie unser guter Mond \u2013 im Laufe des Monats verdeckt wird. Ganz, ganz weit entfernte Sterne konnten wir uns durchs Gro\u00dfe Fernrohr begucken. Der absolute Wahn.<\/span><\/p>\n<p><b style=\"font-size: 13px; line-height: 19px;\">Tiere<\/b><\/p>\n<p><span style=\"font-size: 13px; line-height: 19px;\">Unvergessen bleibt auch der Ausflug auf die Islas Ballestas, wo uns die ersten Pinguine entgegen wackelten, die Seel\u00f6wen sich in der Sonne r\u00e4kelten und Abertausende Seev\u00f6gel \u00fcber unseren K\u00f6pfen kreisten oder im Sturzflug ins Wasser tauchten. Jetzt in der Pampa sind es die Guanakos, die uns begeistern, wenn sie vor unserem Bus die Stra\u00dfe \u00fcberqueren und Christian zum Bremsen zwingen. Das Stinktier gestern Nachmittag, das frech zur\u00fcckschaute als Christian hupte, vergessen wir auch nicht.<\/span><\/p>\n<p><b style=\"font-size: 13px; line-height: 19px;\">Dies und das<\/b><\/p>\n<p><span style=\"font-size: 13px; line-height: 19px;\">Dazu geh\u00f6rt mein liegen\/fallen gelassene Sohle meiner Wanderschuhe im Regenwald von Costa Rica.<\/span><\/p>\n<p>Auch dazu geh\u00f6rt der Faserpelz. Ihr wisst nicht was das ist? Das ist eine Vliesjacke, wie wir sie alle tragen, weil\u2019s so praktisches Material ist. Zu Beginn der Reise habe ich meine Jacke mal im Bus gesucht und auf die Frage, was ich denn suche mit \u201emeinen Faserpelz\u201c geantwortet. Gro\u00dfes Fragezeichen in den Gesichtern, Du hast doch keinen Pelz dabei, oder? Ich hab dann aufgekl\u00e4rt, seither tragen wir keine Vliesjacken mehr, sondern Faserpelze!<\/p>\n<p>Nicht vergessen werde ich meinen Geburtstag. Schon zum Fr\u00fchst\u00fcck bekam ich ein Blumenstr\u00e4u\u00dfen (gestohlen aus Nachbars Garten), ein Geburtstagsk\u00fcchlein in einer B\u00fcchse samt Kerzlein, eine Schoggi (Schokolade) namens Heidi und das absolut Gr\u00f6\u00dfte, die versammelte Reisegesellschaft stellte sich auf und sang ein Geburtstagsst\u00e4ndchen (Kanon, vierstimmig !!!). Ich musste schwer gegen Tr\u00e4nchen ank\u00e4mpfen. Einfach bombastisch. Wie der Tag weiterging hat Axel erz\u00e4hlt. Und alles bei strahlendem Sommerwetter, mit Schifffahrt zu F\u00fcssen zweier wundervoller Vulkane. Sch\u00f6ner kann\u2019s gar nicht sein.<\/p>\n<p><b style=\"font-size: 13px; line-height: 19px;\">Die Panamericana<\/b><\/p>\n<p><span style=\"font-size: 13px; line-height: 19px;\">war aber dass immerw\u00e4hrende Highlight dieser Reise. Mal Piste, mal geteert, mal richtige Autobahn, meist aber gut ausgebaute Strasse. Sie hat uns alle Abenteuer beschert und durch die unglaublichsten Landschaften gef\u00fchrt. Durch Regenw\u00e4lder, W\u00fcsten, gr\u00fcne Landschaften, \u00fcber h\u00f6chste P\u00e4sse, auch in die St\u00e4dte. Und jetzt gegen Ende der Reise durch die Pampa. Wenig Verkehr \u2013 gestern haben uns 2 (in Worten: zwei) Autos gekreuzt auf etwa\u00a0 8 Stunden unterwegs sein. Es t\u00f6nt zwar abgegriffen, aber diesmal stimmt es wirklich: <\/span><b style=\"font-size: 13px; line-height: 19px;\">Der Weg ist das Ziel<\/b><span style=\"font-size: 13px; line-height: 19px;\"> (oh je, jetzt muss ich bereits sagen \u201e<\/span><b style=\"font-size: 13px; line-height: 19px;\">war<\/b><span style=\"font-size: 13px; line-height: 19px;\"> das Ziel\u201c). Der Panamericana verdanken wir alle Abenteuer der letzten Wochen bzw.Monate. Einfach wunderbar und jeden Kilometer wert.<\/span><\/p>\n<p><span style=\"font-size: 13px; line-height: 19px;\">Vieles k\u00f6nnte, ja m\u00fcsste ich noch berichten, von wunderbaren Begegnungen mit Menschen am Wegesrand und sehr netten Gespr\u00e4chen und damit sind wir bei der<\/span><\/p>\n<p><b style=\"font-size: 13px; line-height: 19px;\">Sprache<\/b><span style=\"font-size: 13px; line-height: 19px;\"><br \/>\n<\/span><\/p>\n<p><span style=\"font-size: 13px; line-height: 19px;\">Zu Beginn getrauten wir uns kaum ein kleine Bitte auszusprechen oder was zu fragen, jetzt schwatzen und fragen wir munter drauflos in noch sehr fehlerhaftem Spanisch. Noch 3 Monate weiterreisen und wir parlieren wie die Weltmeister, aber leider hat das nicht sollen sein.<\/span><\/p>\n<p><b style=\"font-size: 13px; line-height: 19px;\">Zu guter Letzt<\/b><\/p>\n<p><span style=\"font-size: 13px; line-height: 19px;\">Am Sonntag ist der 4. Advent, dann werden sich unsere Wege trennen und unser gro\u00dfer gemeinsamer Traum Panamericana ist ausgetr\u00e4umt, wir werden wehm\u00fctig voneinander Abschied nehmen. Aber wir haben neue Freundinnen gewonnen und wir haben ein <\/span><b style=\"font-size: 13px; line-height: 19px;\">wundervolles gemeinsames Abenteuer<\/b><span style=\"font-size: 13px; line-height: 19px;\"> erleben d\u00fcrfen. Danke liebe Panamericana und danke liebes Avantiteam, ihr habt uns wundervolle Wochen beschert.<\/span><\/p>\n<p><span style=\"font-size: 13px; line-height: 19px;\">Es bleibt uns, Euch allen, liebe treue Blogleserinnen und -leser ein wundersch\u00f6nes Weihnachtsfest und im neuen Jahr viel Gl\u00fcck, Gesundheit und Erfolg zu w\u00fcnschen. In diesem Sinne<\/span><\/p>\n<p><span style=\"font-size: 13px; line-height: 19px;\">Feliz navidad y hasta luego<\/span><\/p>\n<p><span style=\"font-size: 13px; line-height: 19px;\">Das N\u00e4hk\u00e4sten Heidi und das Werkzeugt\u00e4schle Axel<\/span><\/p>\n","protected":false},"excerpt":{"rendered":"<p>von Heidi Bisang Liebe Leserinnen und Leser Das Ende naht auch f\u00fcrs N\u00e4hk\u00e4stchen Zeit also ein bisschen zur\u00fcck zu blicken und die Highlights Revue passieren lassen. Da w\u00e4ren die Hotels. Die allermeisten waren gut, komfortabel, sauber und mit allem N\u00f6tigen ausger\u00fcstet. In Erinnerung bleiben wird uns aber die Hazienda in Ecuador, ich habe dar\u00fcber berichtet. [&hellip;]<\/p>\n","protected":false},"author":4,"featured_media":0,"comment_status":"closed","ping_status":"open","sticky":false,"template":"","format":"standard","meta":{"ngg_post_thumbnail":0},"categories":[6],"tags":[277,280,340,322],"_links":{"self":[{"href":"https:\/\/blog.busweltreise.de\/index.php?rest_route=\/wp\/v2\/posts\/2029"}],"collection":[{"href":"https:\/\/blog.busweltreise.de\/index.php?rest_route=\/wp\/v2\/posts"}],"about":[{"href":"https:\/\/blog.busweltreise.de\/index.php?rest_route=\/wp\/v2\/types\/post"}],"author":[{"embeddable":true,"href":"https:\/\/blog.busweltreise.de\/index.php?rest_route=\/wp\/v2\/users\/4"}],"replies":[{"embeddable":true,"href":"https:\/\/blog.busweltreise.de\/index.php?rest_route=%2Fwp%2Fv2%2Fcomments&post=2029"}],"version-history":[{"count":3,"href":"https:\/\/blog.busweltreise.de\/index.php?rest_route=\/wp\/v2\/posts\/2029\/revisions"}],"predecessor-version":[{"id":2031,"href":"https:\/\/blog.busweltreise.de\/index.php?rest_route=\/wp\/v2\/posts\/2029\/revisions\/2031"}],"wp:attachment":[{"href":"https:\/\/blog.busweltreise.de\/index.php?rest_route=%2Fwp%2Fv2%2Fmedia&parent=2029"}],"wp:term":[{"taxonomy":"category","embeddable":true,"href":"https:\/\/blog.busweltreise.de\/index.php?rest_route=%2Fwp%2Fv2%2Fcategories&post=2029"},{"taxonomy":"post_tag","embeddable":true,"href":"https:\/\/blog.busweltreise.de\/index.php?rest_route=%2Fwp%2Fv2%2Ftags&post=2029"}],"curies":[{"name":"wp","href":"https:\/\/api.w.org\/{rel}","templated":true}]}}