{"id":1979,"date":"2013-11-28T11:52:20","date_gmt":"2013-11-28T09:52:20","guid":{"rendered":"http:\/\/blog.busweltreise.de\/?p=1979"},"modified":"2018-05-22T09:23:50","modified_gmt":"2018-05-22T07:23:50","slug":"der-zukunft-weit-voraus","status":"publish","type":"post","link":"https:\/\/blog.busweltreise.de\/?p=1979","title":{"rendered":"Der Zukunft weit voraus!"},"content":{"rendered":"<p>In Erg\u00e4nzung zu Christians Fotos der Busfans hier noch ein Beitrag \/ Fotos von Hans-Peter:<\/p>\n<p>Seit ein paar Tagen sind wir in Chile, und mittlerweile hat sich bei den Busfans im Lande herumgesprochen, welch ein Traumfahrzeug f\u00fcr kleine gro\u00dfe Jungs hier in S\u00fcdamerika unterwegs ist. Auf vielen Fanseiten auf Facebook und Seiten von Busfreaks werden Bilder von unserem Bus gepostet, und derjenige, der das Gl\u00fcck hat, den Bus zu sehen und zu fotografieren, wird von seinen Kumpels gefeiert.<\/p>\n<p>Es ist tats\u00e4chlich so, dass wir (im Internet ist ja via GPS und aufgrund unseres \u201eFahrplans\u201c ersichtlich, wann wir wo sind) teilweise bereits am Ortsanfang von Fans erwartet werden, die die ersten Fotos schie\u00dfen und uns dann zum Hotel folgen. Andere wiederum sehen am Bildschirm den Standort des Busses und kommen dann hin.<\/p>\n<p>Gestern Abend war ein Fan da, der uns \u00fcber 800 km nachgereist war, um uns zum wiederholten Male zu begr\u00fc\u00dfen. Er hatte ein Modell eines Busses mitgebracht, den es noch gar nicht gibt: einen Doppeldecker, der schon Designmerkmale der zuk\u00fcnftigen TopClass 500 von Setra tr\u00e4gt! Aber: Einen solchen Doppeldeckerbus gibt noch gar nicht! H\u00f6chstens auf dem Rei\u00dfbrett von Setra. Dieses Zukunftsmodell ist auch nicht irgendein Fantasiebus, sondern er ist gestaltet in den Farben des traditionsreichen Schweizer Busreiseveranstalters \u201eMarti\u201c, der einen exklusiven Setra-Fuhrpark sein eigen nennt. Die Jungs sind also in jeder Hinsicht auf dem Laufenden und unserer Zeit schon weit voraus! Sagenhaft, oder?<\/p>\n<p>Ich selbst habe jeden Tag die gr\u00f6\u00dfte Freude an dem Bus, der klaglos die h\u00e4rtesten Pisten (Toli ist vor Sorgen schon um Jahre gealtert) nimmt und die h\u00f6chsten Stra\u00dfen der Welt (vorgestern auf 4300 m \u00fc.M) hochschnurrt. Wirklich, es ist die reine Freude!<\/p>\n<p>Hier ein paar Bilder des zuk\u00fcnftigen Doppeldeckers von Setra im Marti-Design und der chilenischen Busfans und Designer<\/p>\n<p>Viele Gr\u00fc\u00dfe nach Deutschland<\/p>\n<p>Hans-Peter<\/p>\n<!-- default-view.php -->\n<div\n\tclass=\"ngg-galleryoverview default-view  ngg-ajax-pagination-none\"\n\tid=\"ngg-gallery-18428f84f669c162890752015bc50898-1\">\n\n\t\t<!-- Thumbnails -->\n\t\t\t\t<div id=\"ngg-image-0\" class=\"ngg-gallery-thumbnail-box \" >\n\t\t\t\t        <div class=\"ngg-gallery-thumbnail\">\n            <a href=\"https:\/\/blog.busweltreise.de\/wp-content\/gallery\/hp-busfans\/busfans5.jpg\"\n               title=\"Die Busfans und ihr Modell\"\n               data-src=\"https:\/\/blog.busweltreise.de\/wp-content\/gallery\/hp-busfans\/busfans5.jpg\"\n               data-thumbnail=\"https:\/\/blog.busweltreise.de\/wp-content\/gallery\/hp-busfans\/thumbs\/thumbs_busfans5.jpg\"\n               data-image-id=\"1853\"\n               data-title=\"Die Busfans und ihr Modell\"\n               data-description=\"Die Busfans und ihr Modell\"\n               data-image-slug=\"die-busfans-und-ihr-modell\"\n               class=\"ngg-simplelightbox\" rel=\"18428f84f669c162890752015bc50898\">\n                <img\n                    title=\"Die Busfans und ihr Modell\"\n                    alt=\"Die Busfans und ihr Modell\"\n                    src=\"https:\/\/blog.busweltreise.de\/wp-content\/gallery\/hp-busfans\/thumbs\/thumbs_busfans5.jpg\"\n                    width=\"100\"\n                    height=\"75\"\n                    style=\"max-width:100%;\"\n                \/>\n            <\/a>\n        <\/div>\n\t\t\t\t\t\t\t<\/div> \n\t\t\t\n\t\t\t\t<div id=\"ngg-image-1\" class=\"ngg-gallery-thumbnail-box \" >\n\t\t\t\t        <div class=\"ngg-gallery-thumbnail\">\n            <a href=\"https:\/\/blog.busweltreise.de\/wp-content\/gallery\/hp-busfans\/busfans.jpg\"\n               title=\"Team mit Modellbus der s\u00fcdamerikanischen Busfans\"\n               data-src=\"https:\/\/blog.busweltreise.de\/wp-content\/gallery\/hp-busfans\/busfans.jpg\"\n               data-thumbnail=\"https:\/\/blog.busweltreise.de\/wp-content\/gallery\/hp-busfans\/thumbs\/thumbs_busfans.jpg\"\n               data-image-id=\"1847\"\n               data-title=\"Team mit Modellbus der s\u00fcdamerikanischen Busfans\"\n               data-description=\"Team mit Modellbus der s\u00fcdamerikanischen Busfans\"\n               data-image-slug=\"team-mit-modellbus-der-sudamerikanischen-busfans\"\n               class=\"ngg-simplelightbox\" rel=\"18428f84f669c162890752015bc50898\">\n                <img\n                    title=\"Team mit Modellbus der s\u00fcdamerikanischen Busfans\"\n                    alt=\"Team mit Modellbus der s\u00fcdamerikanischen Busfans\"\n                    src=\"https:\/\/blog.busweltreise.de\/wp-content\/gallery\/hp-busfans\/thumbs\/thumbs_busfans.jpg\"\n                    width=\"100\"\n                    height=\"75\"\n                    style=\"max-width:100%;\"\n                \/>\n            <\/a>\n        <\/div>\n\t\t\t\t\t\t\t<\/div> \n\t\t\t\n\t\t\t\t<div id=\"ngg-image-2\" class=\"ngg-gallery-thumbnail-box \" >\n\t\t\t\t        <div class=\"ngg-gallery-thumbnail\">\n            <a href=\"https:\/\/blog.busweltreise.de\/wp-content\/gallery\/hp-busfans\/6.jpg\"\n               title=\"Die chilenischen Busfans: der Euro VI Motor wird inspiziert\"\n               data-src=\"https:\/\/blog.busweltreise.de\/wp-content\/gallery\/hp-busfans\/6.jpg\"\n               data-thumbnail=\"https:\/\/blog.busweltreise.de\/wp-content\/gallery\/hp-busfans\/thumbs\/thumbs_6.jpg\"\n               data-image-id=\"1857\"\n               data-title=\"Die chilenischen Busfans: der Euro VI Motor wird inspiziert\"\n               data-description=\"Die chilenischen Busfans: der Euro VI Motor wird inspiziert\"\n               data-image-slug=\"die-chilenischen-busfans-der-euro-vi-motor-wird-inspiziert\"\n               class=\"ngg-simplelightbox\" rel=\"18428f84f669c162890752015bc50898\">\n                <img\n                    title=\"Die chilenischen Busfans: der Euro VI Motor wird inspiziert\"\n                    alt=\"Die chilenischen Busfans: der Euro VI Motor wird inspiziert\"\n                    src=\"https:\/\/blog.busweltreise.de\/wp-content\/gallery\/hp-busfans\/thumbs\/thumbs_6.jpg\"\n                    width=\"100\"\n                    height=\"75\"\n                    style=\"max-width:100%;\"\n                \/>\n            <\/a>\n        <\/div>\n\t\t\t\t\t\t\t<\/div> \n\t\t\t\n\t\t\t\t<div id=\"ngg-image-3\" class=\"ngg-gallery-thumbnail-box \" >\n\t\t\t\t        <div class=\"ngg-gallery-thumbnail\">\n            <a href=\"https:\/\/blog.busweltreise.de\/wp-content\/gallery\/hp-busfans\/busfans2_0.jpg\"\n               title=\"das Modell der Busfans\"\n               data-src=\"https:\/\/blog.busweltreise.de\/wp-content\/gallery\/hp-busfans\/busfans2_0.jpg\"\n               data-thumbnail=\"https:\/\/blog.busweltreise.de\/wp-content\/gallery\/hp-busfans\/thumbs\/thumbs_busfans2_0.jpg\"\n               data-image-id=\"1850\"\n               data-title=\"das Modell der Busfans\"\n               data-description=\"das Modell der Busfans\"\n               data-image-slug=\"das-modell-der-busfans\"\n               class=\"ngg-simplelightbox\" rel=\"18428f84f669c162890752015bc50898\">\n                <img\n                    title=\"das Modell der Busfans\"\n                    alt=\"das Modell der Busfans\"\n                    src=\"https:\/\/blog.busweltreise.de\/wp-content\/gallery\/hp-busfans\/thumbs\/thumbs_busfans2_0.jpg\"\n                    width=\"100\"\n                    height=\"75\"\n                    style=\"max-width:100%;\"\n                \/>\n            <\/a>\n        <\/div>\n\t\t\t\t\t\t\t<\/div> \n\t\t\t\n\t\t\t\t<div id=\"ngg-image-4\" class=\"ngg-gallery-thumbnail-box \" >\n\t\t\t\t        <div class=\"ngg-gallery-thumbnail\">\n            <a href=\"https:\/\/blog.busweltreise.de\/wp-content\/gallery\/hp-busfans\/busfans4.jpg\"\n               title=\"das Modell der Busfans\"\n               data-src=\"https:\/\/blog.busweltreise.de\/wp-content\/gallery\/hp-busfans\/busfans4.jpg\"\n               data-thumbnail=\"https:\/\/blog.busweltreise.de\/wp-content\/gallery\/hp-busfans\/thumbs\/thumbs_busfans4.jpg\"\n               data-image-id=\"1852\"\n               data-title=\"das Modell der Busfans\"\n               data-description=\"das Modell der Busfans\"\n               data-image-slug=\"das-modell-der-busfans-3\"\n               class=\"ngg-simplelightbox\" rel=\"18428f84f669c162890752015bc50898\">\n                <img\n                    title=\"das Modell der Busfans\"\n                    alt=\"das Modell der Busfans\"\n                    src=\"https:\/\/blog.busweltreise.de\/wp-content\/gallery\/hp-busfans\/thumbs\/thumbs_busfans4.jpg\"\n                    width=\"100\"\n                    height=\"75\"\n                    style=\"max-width:100%;\"\n                \/>\n            <\/a>\n        <\/div>\n\t\t\t\t\t\t\t<\/div> \n\t\t\t\n\t\t\t\t<div id=\"ngg-image-5\" class=\"ngg-gallery-thumbnail-box \" >\n\t\t\t\t        <div class=\"ngg-gallery-thumbnail\">\n            <a href=\"https:\/\/blog.busweltreise.de\/wp-content\/gallery\/hp-busfans\/busfans3.jpg\"\n               title=\"das Modell der Busfans\"\n               data-src=\"https:\/\/blog.busweltreise.de\/wp-content\/gallery\/hp-busfans\/busfans3.jpg\"\n               data-thumbnail=\"https:\/\/blog.busweltreise.de\/wp-content\/gallery\/hp-busfans\/thumbs\/thumbs_busfans3.jpg\"\n               data-image-id=\"1851\"\n               data-title=\"das Modell der Busfans\"\n               data-description=\"das Modell der Busfans\"\n               data-image-slug=\"das-modell-der-busfans-2\"\n               class=\"ngg-simplelightbox\" rel=\"18428f84f669c162890752015bc50898\">\n                <img\n                    title=\"das Modell der Busfans\"\n                    alt=\"das Modell der Busfans\"\n                    src=\"https:\/\/blog.busweltreise.de\/wp-content\/gallery\/hp-busfans\/thumbs\/thumbs_busfans3.jpg\"\n                    width=\"100\"\n                    height=\"75\"\n                    style=\"max-width:100%;\"\n                \/>\n            <\/a>\n        <\/div>\n\t\t\t\t\t\t\t<\/div> \n\t\t\t\n\t\n\t<br style=\"clear: both\" \/>\n\n\t\t<div class=\"slideshowlink\">\n        <a href='https:\/\/blog.busweltreise.de\/index.php\/nggallery\/slideshow?p=1979'>Als Diaschau anzeigen<\/a>\n\t\t\n\t<\/div>\n\t\n\t\t<!-- Pagination -->\n\t<div class='ngg-clear'><\/div>\t<\/div>\n\n","protected":false},"excerpt":{"rendered":"<p>In Erg\u00e4nzung zu Christians Fotos der Busfans hier noch ein Beitrag \/ Fotos von Hans-Peter: Seit ein paar Tagen sind wir in Chile, und mittlerweile hat sich bei den Busfans im Lande herumgesprochen, welch ein Traumfahrzeug f\u00fcr kleine gro\u00dfe Jungs hier in S\u00fcdamerika unterwegs ist. Auf vielen Fanseiten auf Facebook und Seiten von Busfreaks werden [&hellip;]<\/p>\n","protected":false},"author":3,"featured_media":0,"comment_status":"closed","ping_status":"open","sticky":false,"template":"","format":"standard","meta":{"ngg_post_thumbnail":0},"categories":[6],"tags":[277,280,339,337,269],"_links":{"self":[{"href":"https:\/\/blog.busweltreise.de\/index.php?rest_route=\/wp\/v2\/posts\/1979"}],"collection":[{"href":"https:\/\/blog.busweltreise.de\/index.php?rest_route=\/wp\/v2\/posts"}],"about":[{"href":"https:\/\/blog.busweltreise.de\/index.php?rest_route=\/wp\/v2\/types\/post"}],"author":[{"embeddable":true,"href":"https:\/\/blog.busweltreise.de\/index.php?rest_route=\/wp\/v2\/users\/3"}],"replies":[{"embeddable":true,"href":"https:\/\/blog.busweltreise.de\/index.php?rest_route=%2Fwp%2Fv2%2Fcomments&post=1979"}],"version-history":[{"count":7,"href":"https:\/\/blog.busweltreise.de\/index.php?rest_route=\/wp\/v2\/posts\/1979\/revisions"}],"predecessor-version":[{"id":1984,"href":"https:\/\/blog.busweltreise.de\/index.php?rest_route=\/wp\/v2\/posts\/1979\/revisions\/1984"}],"wp:attachment":[{"href":"https:\/\/blog.busweltreise.de\/index.php?rest_route=%2Fwp%2Fv2%2Fmedia&parent=1979"}],"wp:term":[{"taxonomy":"category","embeddable":true,"href":"https:\/\/blog.busweltreise.de\/index.php?rest_route=%2Fwp%2Fv2%2Fcategories&post=1979"},{"taxonomy":"post_tag","embeddable":true,"href":"https:\/\/blog.busweltreise.de\/index.php?rest_route=%2Fwp%2Fv2%2Ftags&post=1979"}],"curies":[{"name":"wp","href":"https:\/\/api.w.org\/{rel}","templated":true}]}}